{"id":647,"date":"2013-03-05T21:52:00","date_gmt":"2013-03-05T20:52:00","guid":{"rendered":"http:\/\/www.cultura-ciclista.com\/?p=647"},"modified":"2013-03-05T21:57:29","modified_gmt":"2013-03-05T20:57:29","slug":"el-maestro-cyrille-guimard-esta-al-caer","status":"publish","type":"post","link":"http:\/\/www.cultura-ciclista.com\/?p=647","title":{"rendered":"El maestro Cyrille Guimard est\u00e1 al llegar"},"content":{"rendered":"<p>Nuestro pr\u00f3ximo libro ser\u00e1n las memorias de Cyrille Guimard, el m\u00edtico director del equipo Renault y de sus sucesores (Super U, Castorama), ganador de 7 Tours de Francia como director deportivo. Si te gust\u00f3 el libro de Fignon no te puedes perder el de su maestro, a quien por cierto el primero no deja muy bien en su autobiograf\u00eda. \u00bfSe &#8220;venga&#8221; Guimard en la suya? Disponible en primavera.<\/p>\n<p style=\"text-align: center;\"><a href=\"http:\/\/www.cultura-ciclista.com\/wp-content\/uploads\/2013\/03\/renault-elf-retro-jersey.jpg\"><img loading=\"lazy\" decoding=\"async\" class=\" wp-image-648 aligncenter\" alt=\"renault-elf-retro-jersey\" src=\"http:\/\/www.cultura-ciclista.com\/wp-content\/uploads\/2013\/03\/renault-elf-retro-jersey-218x300.jpg\" width=\"318\" height=\"400\" \/><\/a><\/p>\n","protected":false},"excerpt":{"rendered":"<p>Nuestro pr\u00f3ximo libro ser\u00e1n las memorias de Cyrille Guimard, el m\u00edtico director del equipo Renault y de sus sucesores (Super U, Castorama), ganador de 7 Tours de Francia como director deportivo. Si te gust\u00f3 el libro de Fignon no te puedes perder el de su maestro, a quien por cierto el primero no deja muy [&hellip;]<\/p>\n","protected":false},"author":1,"featured_media":0,"comment_status":"closed","ping_status":"open","sticky":false,"template":"","format":"standard","meta":{"footnotes":""},"categories":[1],"tags":[],"class_list":["post-647","post","type-post","status-publish","format-standard","hentry","category-uncategorized"],"_links":{"self":[{"href":"http:\/\/www.cultura-ciclista.com\/index.php?rest_route=\/wp\/v2\/posts\/647","targetHints":{"allow":["GET"]}}],"collection":[{"href":"http:\/\/www.cultura-ciclista.com\/index.php?rest_route=\/wp\/v2\/posts"}],"about":[{"href":"http:\/\/www.cultura-ciclista.com\/index.php?rest_route=\/wp\/v2\/types\/post"}],"author":[{"embeddable":true,"href":"http:\/\/www.cultura-ciclista.com\/index.php?rest_route=\/wp\/v2\/users\/1"}],"replies":[{"embeddable":true,"href":"http:\/\/www.cultura-ciclista.com\/index.php?rest_route=%2Fwp%2Fv2%2Fcomments&post=647"}],"version-history":[{"count":7,"href":"http:\/\/www.cultura-ciclista.com\/index.php?rest_route=\/wp\/v2\/posts\/647\/revisions"}],"predecessor-version":[{"id":651,"href":"http:\/\/www.cultura-ciclista.com\/index.php?rest_route=\/wp\/v2\/posts\/647\/revisions\/651"}],"wp:attachment":[{"href":"http:\/\/www.cultura-ciclista.com\/index.php?rest_route=%2Fwp%2Fv2%2Fmedia&parent=647"}],"wp:term":[{"taxonomy":"category","embeddable":true,"href":"http:\/\/www.cultura-ciclista.com\/index.php?rest_route=%2Fwp%2Fv2%2Fcategories&post=647"},{"taxonomy":"post_tag","embeddable":true,"href":"http:\/\/www.cultura-ciclista.com\/index.php?rest_route=%2Fwp%2Fv2%2Ftags&post=647"}],"curies":[{"name":"wp","href":"https:\/\/api.w.org\/{rel}","templated":true}]}}