{"id":659,"date":"2013-03-23T17:33:37","date_gmt":"2013-03-23T16:33:37","guid":{"rendered":"http:\/\/www.cultura-ciclista.com\/?p=659"},"modified":"2013-03-25T14:13:53","modified_gmt":"2013-03-25T13:13:53","slug":"llegan-dos-mas","status":"publish","type":"post","link":"http:\/\/www.cultura-ciclista.com\/?p=659","title":{"rendered":"\u00a1Llegan dos m\u00e1s!"},"content":{"rendered":"<p><a href=\"http:\/\/www.cultura-ciclista.com\/wp-content\/uploads\/2013\/03\/Oca\u00f1a-1973.jpg\"><a href=\"http:\/\/www.cultura-ciclista.com\/wp-content\/uploads\/2013\/03\/Viva-la-Vuelta-2.jpg\"><img loading=\"lazy\" decoding=\"async\" class=\"alignnone  wp-image-684\" alt=\"Viva la Vuelta 2\" src=\"http:\/\/www.cultura-ciclista.com\/wp-content\/uploads\/2013\/03\/Viva-la-Vuelta-2.jpg\" width=\"264\" height=\"368\" \/><\/a><img loading=\"lazy\" decoding=\"async\" class=\"alignnone size-full wp-image-660\" style=\"margin: 0px 20px;\" alt=\"Oca\u00f1a 1973\" src=\"http:\/\/www.cultura-ciclista.com\/wp-content\/uploads\/2013\/03\/Oca\u00f1a-1973.jpg\" width=\"318\" height=\"386\" srcset=\"http:\/\/www.cultura-ciclista.com\/wp-content\/uploads\/2013\/03\/Oca\u00f1a-1973.jpg 318w, http:\/\/www.cultura-ciclista.com\/wp-content\/uploads\/2013\/03\/Oca\u00f1a-1973-247x300.jpg 247w\" sizes=\"auto, (max-width: 318px) 100vw, 318px\" \/><br \/>\n<\/a><\/p>\n<p>En Cultura Cliclista vamos lanzados. En septiembre llegar\u00e1 a las librer\u00edas <em>\u00a1Viva la Vuelta!<\/em>, la primera historia completa de la gran ronda espa\u00f1ola que se publica en castellano desde 1985. Y para Navidad, \u00a1por fin!, tendremos la primera biograf\u00eda en castellano del gran Luis Oca\u00f1a.<\/p>\n<p>El libro del astro de Priego vendr\u00e1 de la mano del admirado periodista de <em>El Pa\u00eds<\/em> Carlos Arribas, probablemente la persona que m\u00e1s sabe sobre Oca\u00f1a y sin duda la que mejor lo expresar\u00e1 negro sobre blanco.<\/p>\n<p><em>\u00a1Viva la Vuelta!<\/em> es obra de los hispanistas brit\u00e1nicos Adrian Bell y Lucy Fallon. Una mirada rigurosa, minuciosa y apasionada, al estilo de lo que nos tienen acostumbrados los mejores historiadores ingleses.<\/p>\n<p>\u00a1Y atentos, porque los libros de Cyrille Guimard y Major Taylor est\u00e1n a punto de entrar en el horno!<\/p>\n","protected":false},"excerpt":{"rendered":"<p>En Cultura Cliclista vamos lanzados. En septiembre llegar\u00e1 a las librer\u00edas \u00a1Viva la Vuelta!, la primera historia completa de la gran ronda espa\u00f1ola que se publica en castellano desde 1985. Y para Navidad, \u00a1por fin!, tendremos la primera biograf\u00eda en castellano del gran Luis Oca\u00f1a. El libro del astro de Priego vendr\u00e1 de la mano [&hellip;]<\/p>\n","protected":false},"author":1,"featured_media":0,"comment_status":"closed","ping_status":"open","sticky":false,"template":"","format":"standard","meta":{"footnotes":""},"categories":[1],"tags":[],"class_list":["post-659","post","type-post","status-publish","format-standard","hentry","category-uncategorized"],"_links":{"self":[{"href":"http:\/\/www.cultura-ciclista.com\/index.php?rest_route=\/wp\/v2\/posts\/659","targetHints":{"allow":["GET"]}}],"collection":[{"href":"http:\/\/www.cultura-ciclista.com\/index.php?rest_route=\/wp\/v2\/posts"}],"about":[{"href":"http:\/\/www.cultura-ciclista.com\/index.php?rest_route=\/wp\/v2\/types\/post"}],"author":[{"embeddable":true,"href":"http:\/\/www.cultura-ciclista.com\/index.php?rest_route=\/wp\/v2\/users\/1"}],"replies":[{"embeddable":true,"href":"http:\/\/www.cultura-ciclista.com\/index.php?rest_route=%2Fwp%2Fv2%2Fcomments&post=659"}],"version-history":[{"count":7,"href":"http:\/\/www.cultura-ciclista.com\/index.php?rest_route=\/wp\/v2\/posts\/659\/revisions"}],"predecessor-version":[{"id":666,"href":"http:\/\/www.cultura-ciclista.com\/index.php?rest_route=\/wp\/v2\/posts\/659\/revisions\/666"}],"wp:attachment":[{"href":"http:\/\/www.cultura-ciclista.com\/index.php?rest_route=%2Fwp%2Fv2%2Fmedia&parent=659"}],"wp:term":[{"taxonomy":"category","embeddable":true,"href":"http:\/\/www.cultura-ciclista.com\/index.php?rest_route=%2Fwp%2Fv2%2Fcategories&post=659"},{"taxonomy":"post_tag","embeddable":true,"href":"http:\/\/www.cultura-ciclista.com\/index.php?rest_route=%2Fwp%2Fv2%2Ftags&post=659"}],"curies":[{"name":"wp","href":"https:\/\/api.w.org\/{rel}","templated":true}]}}