{"id":693,"date":"2013-04-04T21:25:57","date_gmt":"2013-04-04T19:25:57","guid":{"rendered":"http:\/\/www.cultura-ciclista.com\/?p=693"},"modified":"2013-04-04T21:25:57","modified_gmt":"2013-04-04T19:25:57","slug":"en-souvenir-des-petits-coureurs","status":"publish","type":"post","link":"http:\/\/www.cultura-ciclista.com\/?p=693","title":{"rendered":"En souvenir des petits coureurs"},"content":{"rendered":"<p><a href=\"http:\/\/www.cultura-ciclista.com\/wp-content\/uploads\/2013\/04\/Petits-coureurs-2.jpg\"><img loading=\"lazy\" decoding=\"async\" class=\"alignnone size-full wp-image-694\" alt=\"Petits coureurs 2\" src=\"http:\/\/www.cultura-ciclista.com\/wp-content\/uploads\/2013\/04\/Petits-coureurs-2.jpg\" width=\"691\" height=\"438\" srcset=\"http:\/\/www.cultura-ciclista.com\/wp-content\/uploads\/2013\/04\/Petits-coureurs-2.jpg 691w, http:\/\/www.cultura-ciclista.com\/wp-content\/uploads\/2013\/04\/Petits-coureurs-2-300x190.jpg 300w\" sizes=\"auto, (max-width: 691px) 100vw, 691px\" \/><\/a><\/p>\n<p>El t\u00edtulo de este post alude a la enorme pel\u00edcula <em>La bici de Ghislain Lambert<\/em>. Los que la hayan visto ya sabr\u00e1n a qu\u00e9 nos referimos.<\/p>\n<p>Pero vayamos al grano. Esta es la foto de cubierta de uno de nuestros pr\u00f3ximos libros. <em>Devinez<\/em>&#8230;<\/p>\n<p>Figurillas pintadas a mano por Alain Quenderf (<a href=\"http:\/\/petitcycliste.sportblog.fr\/\">http:\/\/petitcycliste.sportblog.fr\/<\/a>) y fotografiadas por Alfons Mula.<\/p>\n","protected":false},"excerpt":{"rendered":"<p>El t\u00edtulo de este post alude a la enorme pel\u00edcula La bici de Ghislain Lambert. Los que la hayan visto ya sabr\u00e1n a qu\u00e9 nos referimos. Pero vayamos al grano. Esta es la foto de cubierta de uno de nuestros pr\u00f3ximos libros. Devinez&#8230; Figurillas pintadas a mano por Alain Quenderf (http:\/\/petitcycliste.sportblog.fr\/) y fotografiadas por Alfons [&hellip;]<\/p>\n","protected":false},"author":1,"featured_media":0,"comment_status":"closed","ping_status":"open","sticky":false,"template":"","format":"standard","meta":{"footnotes":""},"categories":[1],"tags":[],"class_list":["post-693","post","type-post","status-publish","format-standard","hentry","category-uncategorized"],"_links":{"self":[{"href":"http:\/\/www.cultura-ciclista.com\/index.php?rest_route=\/wp\/v2\/posts\/693","targetHints":{"allow":["GET"]}}],"collection":[{"href":"http:\/\/www.cultura-ciclista.com\/index.php?rest_route=\/wp\/v2\/posts"}],"about":[{"href":"http:\/\/www.cultura-ciclista.com\/index.php?rest_route=\/wp\/v2\/types\/post"}],"author":[{"embeddable":true,"href":"http:\/\/www.cultura-ciclista.com\/index.php?rest_route=\/wp\/v2\/users\/1"}],"replies":[{"embeddable":true,"href":"http:\/\/www.cultura-ciclista.com\/index.php?rest_route=%2Fwp%2Fv2%2Fcomments&post=693"}],"version-history":[{"count":1,"href":"http:\/\/www.cultura-ciclista.com\/index.php?rest_route=\/wp\/v2\/posts\/693\/revisions"}],"predecessor-version":[{"id":695,"href":"http:\/\/www.cultura-ciclista.com\/index.php?rest_route=\/wp\/v2\/posts\/693\/revisions\/695"}],"wp:attachment":[{"href":"http:\/\/www.cultura-ciclista.com\/index.php?rest_route=%2Fwp%2Fv2%2Fmedia&parent=693"}],"wp:term":[{"taxonomy":"category","embeddable":true,"href":"http:\/\/www.cultura-ciclista.com\/index.php?rest_route=%2Fwp%2Fv2%2Fcategories&post=693"},{"taxonomy":"post_tag","embeddable":true,"href":"http:\/\/www.cultura-ciclista.com\/index.php?rest_route=%2Fwp%2Fv2%2Ftags&post=693"}],"curies":[{"name":"wp","href":"https:\/\/api.w.org\/{rel}","templated":true}]}}